{"id":268687,"date":"2022-09-15T19:44:46","date_gmt":"2022-09-15T19:44:46","guid":{"rendered":"https:\/\/sfcsstl.org\/que-tan-floral-es-nuestra-seeds-of-hope\/"},"modified":"2022-09-15T19:44:46","modified_gmt":"2022-09-15T19:44:46","slug":"que-tan-floral-es-nuestra-seeds-of-hope","status":"publish","type":"post","link":"https:\/\/sfcsstl.org\/es\/que-tan-floral-es-nuestra-seeds-of-hope\/","title":{"rendered":"\u00bfQu\u00e9 tan floral es nuestra Seeds of Hope?"},"content":{"rendered":"<p><img loading=\"lazy\" decoding=\"async\" class=\"wp-image-266778 size-vp_md aligncenter\" src=\"https:\/\/sfcsstl.org\/wp-content\/uploads\/2022\/09\/Flaunt-Your-Floral-800x671.png\" alt=\"\" width=\"800\" height=\"671\" srcset=\"https:\/\/sfcsstl.org\/wp-content\/uploads\/2022\/09\/Flaunt-Your-Floral-800x671.png 800w, https:\/\/sfcsstl.org\/wp-content\/uploads\/2022\/09\/Flaunt-Your-Floral-300x251.png 300w, https:\/\/sfcsstl.org\/wp-content\/uploads\/2022\/09\/Flaunt-Your-Floral-768x644.png 768w, https:\/\/sfcsstl.org\/wp-content\/uploads\/2022\/09\/Flaunt-Your-Floral-500x419.png 500w, https:\/\/sfcsstl.org\/wp-content\/uploads\/2022\/09\/Flaunt-Your-Floral.png 940w\" sizes=\"auto, (max-width: 800px) 100vw, 800px\" \/>Tenemos UN mes hasta nuestra gala anual Seeds of Hope. \u00bfYa tienes tus entradas? Las plazas son limitadas, as\u00ed que queremos asegurarnos de que reserves tu sitio.<\/p>\n<p><strong>Aunque FLORAL no <u>es<\/u> obligatorio ir de FLORAL a este evento de etiqueta semiformal&#8230;<\/strong> \u00a1te animamos a que te diviertas! La noche incluir\u00e1 c\u00f3cteles, cena, sorteos, una subasta en vivo y m\u00fasica.<em> \u00a1Ven a apoyar la labor transformadora de nuestra organizaci\u00f3n en tu comunidad!<\/em><\/p>\n<p><strong>DETALLES DEL EVENTO:<\/strong><\/p>\n<p><strong>S\u00e1bado, 15 de octubre de 2022<\/strong><strong><br \/>\nC\u00f3cteles <\/strong>18:00 | <strong>Cena y programa <\/strong>19:00<br \/>\n<strong>Precio:<\/strong> 150 $\/persona | 1500 $\/mesa de 10<br \/>\n<strong>Vestimenta<\/strong>: Luce tu estilo floral semiformal<br \/>\n<strong>Lugar:<\/strong> mad Art gallery (2727 s 12th Street)<\/p>\n<p>Consulta nuestra p\u00e1gina web de <a href=\"https:\/\/sfcsstl.org\/seedsofhope\/\">SEEDS OF HOPE<\/a> para obtener m\u00e1s informaci\u00f3n.<\/p>\n","protected":false},"excerpt":{"rendered":"<p>Tenemos UN mes hasta nuestra gala anual Seeds of Hope. \u00bfYa tienes tus entradas? Las plazas son limitadas, as\u00ed que queremos asegurarnos de que reserves tu sitio. Aunque FLORAL no es obligatorio ir de FLORAL a este evento de etiqueta semiformal&#8230; \u00a1te animamos a que te diviertas! La noche incluir\u00e1 c\u00f3cteles, cena, sorteos, una subasta&hellip;<\/p>\n","protected":false},"author":13,"featured_media":268534,"comment_status":"closed","ping_status":"closed","sticky":false,"template":"","format":"standard","meta":{"_acf_changed":false,"inline_featured_image":false,"footnotes":""},"categories":[37],"tags":[],"class_list":["post-268687","post","type-post","status-publish","format-standard","has-post-thumbnail","hentry","category-sin-categoria"],"acf":[],"aioseo_notices":[],"yoast_head":"<!-- This site is optimized with the Yoast SEO plugin v24.1 - https:\/\/yoast.com\/wordpress\/plugins\/seo\/ -->\n<title>\u00bfQu\u00e9 tan floral es nuestra Seeds of Hope? - St. Francis Community Services<\/title>\n<meta name=\"robots\" content=\"index, follow, max-snippet:-1, max-image-preview:large, max-video-preview:-1\" \/>\n<link rel=\"canonical\" href=\"https:\/\/sfcsstl.org\/es\/que-tan-floral-es-nuestra-seeds-of-hope\/\" \/>\n<meta property=\"og:locale\" content=\"es_ES\" \/>\n<meta property=\"og:type\" content=\"article\" \/>\n<meta property=\"og:title\" content=\"\u00bfQu\u00e9 tan floral es nuestra Seeds of Hope? - St. Francis Community Services\" \/>\n<meta property=\"og:description\" content=\"Tenemos UN mes hasta nuestra gala anual Seeds of Hope. \u00bfYa tienes tus entradas? Las plazas son limitadas, as\u00ed que queremos asegurarnos de que reserves tu sitio. Aunque FLORAL no es obligatorio ir de FLORAL a este evento de etiqueta semiformal&#8230; \u00a1te animamos a que te diviertas! La noche incluir\u00e1 c\u00f3cteles, cena, sorteos, una subasta&hellip;\" \/>\n<meta property=\"og:url\" content=\"https:\/\/sfcsstl.org\/es\/que-tan-floral-es-nuestra-seeds-of-hope\/\" \/>\n<meta property=\"og:site_name\" content=\"St. Francis Community Services\" \/>\n<meta property=\"article:published_time\" content=\"2022-09-15T19:44:46+00:00\" \/>\n<meta property=\"og:image\" content=\"https:\/\/sfcsstl.org\/wp-content\/uploads\/2022\/09\/Flaunt-Your-Floral-800x671.png\" \/>\n<meta name=\"author\" content=\"Nancy Tully\" \/>\n<meta name=\"twitter:card\" content=\"summary_large_image\" \/>\n<meta name=\"twitter:label1\" content=\"Written by\" \/>\n\t<meta name=\"twitter:data1\" content=\"Nancy Tully\" \/>\n\t<meta name=\"twitter:label2\" content=\"Est. reading time\" \/>\n\t<meta name=\"twitter:data2\" content=\"1 minuto\" \/>\n<script type=\"application\/ld+json\" class=\"yoast-schema-graph\">{\"@context\":\"https:\/\/schema.org\",\"@graph\":[{\"@type\":\"WebPage\",\"@id\":\"https:\/\/sfcsstl.org\/es\/que-tan-floral-es-nuestra-seeds-of-hope\/\",\"url\":\"https:\/\/sfcsstl.org\/es\/que-tan-floral-es-nuestra-seeds-of-hope\/\",\"name\":\"\u00bfQu\u00e9 tan floral es nuestra Seeds of Hope? - St. Francis Community Services\",\"isPartOf\":{\"@id\":\"https:\/\/sfcsstl.org\/es\/#website\"},\"primaryImageOfPage\":{\"@id\":\"https:\/\/sfcsstl.org\/es\/que-tan-floral-es-nuestra-seeds-of-hope\/#primaryimage\"},\"image\":{\"@id\":\"https:\/\/sfcsstl.org\/es\/que-tan-floral-es-nuestra-seeds-of-hope\/#primaryimage\"},\"thumbnailUrl\":\"https:\/\/sfcsstl.org\/wp-content\/uploads\/2022\/07\/Save-the-Date_Seeds-of-Hope-002_Page_1.png\",\"datePublished\":\"2022-09-15T19:44:46+00:00\",\"dateModified\":\"2022-09-15T19:44:46+00:00\",\"author\":{\"@id\":\"https:\/\/sfcsstl.org\/es\/#\/schema\/person\/3ee8628b7c22065708e18ec331cc8ff3\"},\"breadcrumb\":{\"@id\":\"https:\/\/sfcsstl.org\/es\/que-tan-floral-es-nuestra-seeds-of-hope\/#breadcrumb\"},\"inLanguage\":\"es\",\"potentialAction\":[{\"@type\":\"ReadAction\",\"target\":[\"https:\/\/sfcsstl.org\/es\/que-tan-floral-es-nuestra-seeds-of-hope\/\"]}]},{\"@type\":\"ImageObject\",\"inLanguage\":\"es\",\"@id\":\"https:\/\/sfcsstl.org\/es\/que-tan-floral-es-nuestra-seeds-of-hope\/#primaryimage\",\"url\":\"https:\/\/sfcsstl.org\/wp-content\/uploads\/2022\/07\/Save-the-Date_Seeds-of-Hope-002_Page_1.png\",\"contentUrl\":\"https:\/\/sfcsstl.org\/wp-content\/uploads\/2022\/07\/Save-the-Date_Seeds-of-Hope-002_Page_1.png\",\"width\":1800,\"height\":1200},{\"@type\":\"BreadcrumbList\",\"@id\":\"https:\/\/sfcsstl.org\/es\/que-tan-floral-es-nuestra-seeds-of-hope\/#breadcrumb\",\"itemListElement\":[{\"@type\":\"ListItem\",\"position\":1,\"name\":\"Home\",\"item\":\"https:\/\/sfcsstl.org\/es\/\"},{\"@type\":\"ListItem\",\"position\":2,\"name\":\"\u00bfQu\u00e9 tan floral es nuestra Seeds of Hope?\"}]},{\"@type\":\"WebSite\",\"@id\":\"https:\/\/sfcsstl.org\/es\/#website\",\"url\":\"https:\/\/sfcsstl.org\/es\/\",\"name\":\"St. Francis Community Services\",\"description\":\"Achieving A Better Tomorrow\",\"potentialAction\":[{\"@type\":\"SearchAction\",\"target\":{\"@type\":\"EntryPoint\",\"urlTemplate\":\"https:\/\/sfcsstl.org\/es\/?s={search_term_string}\"},\"query-input\":{\"@type\":\"PropertyValueSpecification\",\"valueRequired\":true,\"valueName\":\"search_term_string\"}}],\"inLanguage\":\"es\"},{\"@type\":\"Person\",\"@id\":\"https:\/\/sfcsstl.org\/es\/#\/schema\/person\/3ee8628b7c22065708e18ec331cc8ff3\",\"name\":\"Nancy Tully\",\"image\":{\"@type\":\"ImageObject\",\"inLanguage\":\"es\",\"@id\":\"https:\/\/sfcsstl.org\/es\/#\/schema\/person\/image\/\",\"url\":\"https:\/\/secure.gravatar.com\/avatar\/c672bafac4224b7a4d4f354dc52210208310b8800c03e9404f77ecd2f3007ad3?s=96&d=mm&r=g\",\"contentUrl\":\"https:\/\/secure.gravatar.com\/avatar\/c672bafac4224b7a4d4f354dc52210208310b8800c03e9404f77ecd2f3007ad3?s=96&d=mm&r=g\",\"caption\":\"Nancy Tully\"},\"sameAs\":[\"http:\/\/sfcsstl.org\"],\"url\":\"https:\/\/sfcsstl.org\/es\/author\/ntully\/\"}]}<\/script>\n<!-- \/ Yoast SEO plugin. -->","yoast_head_json":{"title":"\u00bfQu\u00e9 tan floral es nuestra Seeds of Hope? - St. Francis Community Services","robots":{"index":"index","follow":"follow","max-snippet":"max-snippet:-1","max-image-preview":"max-image-preview:large","max-video-preview":"max-video-preview:-1"},"canonical":"https:\/\/sfcsstl.org\/es\/que-tan-floral-es-nuestra-seeds-of-hope\/","og_locale":"es_ES","og_type":"article","og_title":"\u00bfQu\u00e9 tan floral es nuestra Seeds of Hope? - St. Francis Community Services","og_description":"Tenemos UN mes hasta nuestra gala anual Seeds of Hope. \u00bfYa tienes tus entradas? Las plazas son limitadas, as\u00ed que queremos asegurarnos de que reserves tu sitio. Aunque FLORAL no es obligatorio ir de FLORAL a este evento de etiqueta semiformal&#8230; \u00a1te animamos a que te diviertas! La noche incluir\u00e1 c\u00f3cteles, cena, sorteos, una subasta&hellip;","og_url":"https:\/\/sfcsstl.org\/es\/que-tan-floral-es-nuestra-seeds-of-hope\/","og_site_name":"St. Francis Community Services","article_published_time":"2022-09-15T19:44:46+00:00","og_image":[{"url":"https:\/\/sfcsstl.org\/wp-content\/uploads\/2022\/09\/Flaunt-Your-Floral-800x671.png","type":"","width":"","height":""}],"author":"Nancy Tully","twitter_card":"summary_large_image","twitter_misc":{"Written by":"Nancy Tully","Est. reading time":"1 minuto"},"schema":{"@context":"https:\/\/schema.org","@graph":[{"@type":"WebPage","@id":"https:\/\/sfcsstl.org\/es\/que-tan-floral-es-nuestra-seeds-of-hope\/","url":"https:\/\/sfcsstl.org\/es\/que-tan-floral-es-nuestra-seeds-of-hope\/","name":"\u00bfQu\u00e9 tan floral es nuestra Seeds of Hope? - St. Francis Community Services","isPartOf":{"@id":"https:\/\/sfcsstl.org\/es\/#website"},"primaryImageOfPage":{"@id":"https:\/\/sfcsstl.org\/es\/que-tan-floral-es-nuestra-seeds-of-hope\/#primaryimage"},"image":{"@id":"https:\/\/sfcsstl.org\/es\/que-tan-floral-es-nuestra-seeds-of-hope\/#primaryimage"},"thumbnailUrl":"https:\/\/sfcsstl.org\/wp-content\/uploads\/2022\/07\/Save-the-Date_Seeds-of-Hope-002_Page_1.png","datePublished":"2022-09-15T19:44:46+00:00","dateModified":"2022-09-15T19:44:46+00:00","author":{"@id":"https:\/\/sfcsstl.org\/es\/#\/schema\/person\/3ee8628b7c22065708e18ec331cc8ff3"},"breadcrumb":{"@id":"https:\/\/sfcsstl.org\/es\/que-tan-floral-es-nuestra-seeds-of-hope\/#breadcrumb"},"inLanguage":"es","potentialAction":[{"@type":"ReadAction","target":["https:\/\/sfcsstl.org\/es\/que-tan-floral-es-nuestra-seeds-of-hope\/"]}]},{"@type":"ImageObject","inLanguage":"es","@id":"https:\/\/sfcsstl.org\/es\/que-tan-floral-es-nuestra-seeds-of-hope\/#primaryimage","url":"https:\/\/sfcsstl.org\/wp-content\/uploads\/2022\/07\/Save-the-Date_Seeds-of-Hope-002_Page_1.png","contentUrl":"https:\/\/sfcsstl.org\/wp-content\/uploads\/2022\/07\/Save-the-Date_Seeds-of-Hope-002_Page_1.png","width":1800,"height":1200},{"@type":"BreadcrumbList","@id":"https:\/\/sfcsstl.org\/es\/que-tan-floral-es-nuestra-seeds-of-hope\/#breadcrumb","itemListElement":[{"@type":"ListItem","position":1,"name":"Home","item":"https:\/\/sfcsstl.org\/es\/"},{"@type":"ListItem","position":2,"name":"\u00bfQu\u00e9 tan floral es nuestra Seeds of Hope?"}]},{"@type":"WebSite","@id":"https:\/\/sfcsstl.org\/es\/#website","url":"https:\/\/sfcsstl.org\/es\/","name":"St. Francis Community Services","description":"Achieving A Better Tomorrow","potentialAction":[{"@type":"SearchAction","target":{"@type":"EntryPoint","urlTemplate":"https:\/\/sfcsstl.org\/es\/?s={search_term_string}"},"query-input":{"@type":"PropertyValueSpecification","valueRequired":true,"valueName":"search_term_string"}}],"inLanguage":"es"},{"@type":"Person","@id":"https:\/\/sfcsstl.org\/es\/#\/schema\/person\/3ee8628b7c22065708e18ec331cc8ff3","name":"Nancy Tully","image":{"@type":"ImageObject","inLanguage":"es","@id":"https:\/\/sfcsstl.org\/es\/#\/schema\/person\/image\/","url":"https:\/\/secure.gravatar.com\/avatar\/c672bafac4224b7a4d4f354dc52210208310b8800c03e9404f77ecd2f3007ad3?s=96&d=mm&r=g","contentUrl":"https:\/\/secure.gravatar.com\/avatar\/c672bafac4224b7a4d4f354dc52210208310b8800c03e9404f77ecd2f3007ad3?s=96&d=mm&r=g","caption":"Nancy Tully"},"sameAs":["http:\/\/sfcsstl.org"],"url":"https:\/\/sfcsstl.org\/es\/author\/ntully\/"}]}},"_links":{"self":[{"href":"https:\/\/sfcsstl.org\/es\/wp-json\/wp\/v2\/posts\/268687","targetHints":{"allow":["GET"]}}],"collection":[{"href":"https:\/\/sfcsstl.org\/es\/wp-json\/wp\/v2\/posts"}],"about":[{"href":"https:\/\/sfcsstl.org\/es\/wp-json\/wp\/v2\/types\/post"}],"author":[{"embeddable":true,"href":"https:\/\/sfcsstl.org\/es\/wp-json\/wp\/v2\/users\/13"}],"replies":[{"embeddable":true,"href":"https:\/\/sfcsstl.org\/es\/wp-json\/wp\/v2\/comments?post=268687"}],"version-history":[{"count":0,"href":"https:\/\/sfcsstl.org\/es\/wp-json\/wp\/v2\/posts\/268687\/revisions"}],"wp:featuredmedia":[{"embeddable":true,"href":"https:\/\/sfcsstl.org\/es\/wp-json\/wp\/v2\/media\/268534"}],"wp:attachment":[{"href":"https:\/\/sfcsstl.org\/es\/wp-json\/wp\/v2\/media?parent=268687"}],"wp:term":[{"taxonomy":"category","embeddable":true,"href":"https:\/\/sfcsstl.org\/es\/wp-json\/wp\/v2\/categories?post=268687"},{"taxonomy":"post_tag","embeddable":true,"href":"https:\/\/sfcsstl.org\/es\/wp-json\/wp\/v2\/tags?post=268687"}],"curies":[{"name":"wp","href":"https:\/\/api.w.org\/{rel}","templated":true}]}}