{"id":268679,"date":"2024-05-02T17:42:28","date_gmt":"2024-05-02T17:42:28","guid":{"rendered":"https:\/\/sfcsstl.org\/la-historia-de-un-alumno-de-segundo-grado\/"},"modified":"2024-05-02T17:42:28","modified_gmt":"2024-05-02T17:42:28","slug":"la-historia-de-un-alumno-de-segundo-grado","status":"publish","type":"post","link":"https:\/\/sfcsstl.org\/es\/la-historia-de-un-alumno-de-segundo-grado\/","title":{"rendered":"La historia de un alumno de segundo grado"},"content":{"rendered":"<p>Aqu\u00ed est\u00e1 nuestro segundo bolet\u00edn: \u00a1la historia de un maravilloso alumno de 2.\u00ba grado que puede ense\u00f1arnos algo a todos!<\/p>\n<p><a href=\"https:\/\/sfcsstl.org\/wp-content\/uploads\/2024\/05\/5.2024.png\"><img loading=\"lazy\" decoding=\"async\" class=\"alignnone wp-image-267020\" src=\"https:\/\/sfcsstl.org\/wp-content\/uploads\/2024\/05\/5.2024-212x300.png\" alt=\"\" width=\"423\" height=\"599\" srcset=\"https:\/\/sfcsstl.org\/wp-content\/uploads\/2024\/05\/5.2024-212x300.png 212w, https:\/\/sfcsstl.org\/wp-content\/uploads\/2024\/05\/5.2024-724x1024.png 724w, https:\/\/sfcsstl.org\/wp-content\/uploads\/2024\/05\/5.2024-768x1086.png 768w, https:\/\/sfcsstl.org\/wp-content\/uploads\/2024\/05\/5.2024-500x707.png 500w, https:\/\/sfcsstl.org\/wp-content\/uploads\/2024\/05\/5.2024.png 794w\" sizes=\"auto, (max-width: 423px) 100vw, 423px\" \/><\/a><\/p>\n<p>Para unirse a nuestro bolet\u00edn mensual:<\/p>\n<p>\u00a1Por favor, rellene esto!<\/p>\n<form action=\"https:\/\/app.flocknote.com\/group\/871184\/addToGroupFromOutside\" method=\"post\" target=\"_blank\"><input name=\"fname\" type=\"text\" placeholder=\"Nombre\"><br \/>\n<input name=\"lname\" type=\"text\" placeholder=\"Apellido\"><br \/>\n<input name=\"email\" type=\"email\" placeholder=\"Direcci\u00f3n de correo electr\u00f3nico\"><br \/>\n<input name=\"mobile_phone\" type=\"tel\" placeholder=\"Tel\u00e9fono m\u00f3vil\"><br \/>\n<button type=\"submit\" value=\"enviar\">Registrarme<\/button><\/form>\n<p>&nbsp;<\/p>\n","protected":false},"excerpt":{"rendered":"<p>Aqu\u00ed est\u00e1 nuestro segundo bolet\u00edn: \u00a1la historia de un maravilloso alumno de 2.\u00ba grado que puede ense\u00f1arnos algo a todos! Para unirse a nuestro bolet\u00edn mensual: \u00a1Por favor, rellene esto! Registrarme &nbsp;<\/p>\n","protected":false},"author":15,"featured_media":268624,"comment_status":"closed","ping_status":"closed","sticky":false,"template":"","format":"standard","meta":{"_acf_changed":false,"inline_featured_image":false,"footnotes":""},"categories":[44],"tags":[],"class_list":["post-268679","post","type-post","status-publish","format-standard","has-post-thumbnail","hentry","category-victorias-mensuales"],"acf":[],"aioseo_notices":[],"yoast_head":"<!-- This site is optimized with the Yoast SEO plugin v24.1 - https:\/\/yoast.com\/wordpress\/plugins\/seo\/ -->\n<title>La historia de un alumno de segundo grado - St. Francis Community Services<\/title>\n<meta name=\"robots\" content=\"index, follow, max-snippet:-1, max-image-preview:large, max-video-preview:-1\" \/>\n<link rel=\"canonical\" href=\"https:\/\/sfcsstl.org\/es\/la-historia-de-un-alumno-de-segundo-grado\/\" \/>\n<meta property=\"og:locale\" content=\"es_ES\" \/>\n<meta property=\"og:type\" content=\"article\" \/>\n<meta property=\"og:title\" content=\"La historia de un alumno de segundo grado - St. Francis Community Services\" \/>\n<meta property=\"og:description\" content=\"Aqu\u00ed est\u00e1 nuestro segundo bolet\u00edn: \u00a1la historia de un maravilloso alumno de 2.\u00ba grado que puede ense\u00f1arnos algo a todos! Para unirse a nuestro bolet\u00edn mensual: \u00a1Por favor, rellene esto! Registrarme &nbsp;\" \/>\n<meta property=\"og:url\" content=\"https:\/\/sfcsstl.org\/es\/la-historia-de-un-alumno-de-segundo-grado\/\" \/>\n<meta property=\"og:site_name\" content=\"St. Francis Community Services\" \/>\n<meta property=\"article:published_time\" content=\"2024-05-02T17:42:28+00:00\" \/>\n<meta property=\"og:image\" content=\"https:\/\/sfcsstl.org\/wp-content\/uploads\/2024\/05\/5.2024-212x300.png\" \/>\n<meta name=\"author\" content=\"Sean Witzke\" \/>\n<meta name=\"twitter:card\" content=\"summary_large_image\" \/>\n<meta name=\"twitter:label1\" content=\"Written by\" \/>\n\t<meta name=\"twitter:data1\" content=\"Sean Witzke\" \/>\n<script type=\"application\/ld+json\" class=\"yoast-schema-graph\">{\"@context\":\"https:\/\/schema.org\",\"@graph\":[{\"@type\":\"WebPage\",\"@id\":\"https:\/\/sfcsstl.org\/es\/la-historia-de-un-alumno-de-segundo-grado\/\",\"url\":\"https:\/\/sfcsstl.org\/es\/la-historia-de-un-alumno-de-segundo-grado\/\",\"name\":\"La historia de un alumno de segundo grado - St. Francis Community Services\",\"isPartOf\":{\"@id\":\"https:\/\/sfcsstl.org\/es\/#website\"},\"primaryImageOfPage\":{\"@id\":\"https:\/\/sfcsstl.org\/es\/la-historia-de-un-alumno-de-segundo-grado\/#primaryimage\"},\"image\":{\"@id\":\"https:\/\/sfcsstl.org\/es\/la-historia-de-un-alumno-de-segundo-grado\/#primaryimage\"},\"thumbnailUrl\":\"https:\/\/sfcsstl.org\/wp-content\/uploads\/2024\/04\/Newsletter.png\",\"datePublished\":\"2024-05-02T17:42:28+00:00\",\"dateModified\":\"2024-05-02T17:42:28+00:00\",\"author\":{\"@id\":\"https:\/\/sfcsstl.org\/es\/#\/schema\/person\/a3f7ba21cb4f630df43d70683070ad2b\"},\"breadcrumb\":{\"@id\":\"https:\/\/sfcsstl.org\/es\/la-historia-de-un-alumno-de-segundo-grado\/#breadcrumb\"},\"inLanguage\":\"es\",\"potentialAction\":[{\"@type\":\"ReadAction\",\"target\":[\"https:\/\/sfcsstl.org\/es\/la-historia-de-un-alumno-de-segundo-grado\/\"]}]},{\"@type\":\"ImageObject\",\"inLanguage\":\"es\",\"@id\":\"https:\/\/sfcsstl.org\/es\/la-historia-de-un-alumno-de-segundo-grado\/#primaryimage\",\"url\":\"https:\/\/sfcsstl.org\/wp-content\/uploads\/2024\/04\/Newsletter.png\",\"contentUrl\":\"https:\/\/sfcsstl.org\/wp-content\/uploads\/2024\/04\/Newsletter.png\",\"width\":1200,\"height\":600},{\"@type\":\"BreadcrumbList\",\"@id\":\"https:\/\/sfcsstl.org\/es\/la-historia-de-un-alumno-de-segundo-grado\/#breadcrumb\",\"itemListElement\":[{\"@type\":\"ListItem\",\"position\":1,\"name\":\"Home\",\"item\":\"https:\/\/sfcsstl.org\/es\/\"},{\"@type\":\"ListItem\",\"position\":2,\"name\":\"La historia de un alumno de segundo grado\"}]},{\"@type\":\"WebSite\",\"@id\":\"https:\/\/sfcsstl.org\/es\/#website\",\"url\":\"https:\/\/sfcsstl.org\/es\/\",\"name\":\"St. Francis Community Services\",\"description\":\"Achieving A Better Tomorrow\",\"potentialAction\":[{\"@type\":\"SearchAction\",\"target\":{\"@type\":\"EntryPoint\",\"urlTemplate\":\"https:\/\/sfcsstl.org\/es\/?s={search_term_string}\"},\"query-input\":{\"@type\":\"PropertyValueSpecification\",\"valueRequired\":true,\"valueName\":\"search_term_string\"}}],\"inLanguage\":\"es\"},{\"@type\":\"Person\",\"@id\":\"https:\/\/sfcsstl.org\/es\/#\/schema\/person\/a3f7ba21cb4f630df43d70683070ad2b\",\"name\":\"Sean Witzke\",\"image\":{\"@type\":\"ImageObject\",\"inLanguage\":\"es\",\"@id\":\"https:\/\/sfcsstl.org\/es\/#\/schema\/person\/image\/\",\"url\":\"https:\/\/secure.gravatar.com\/avatar\/7ffa15ad720761b1400b318538dfb3ea23480b4ca62d1b4e7e2d9b177586621e?s=96&d=mm&r=g\",\"contentUrl\":\"https:\/\/secure.gravatar.com\/avatar\/7ffa15ad720761b1400b318538dfb3ea23480b4ca62d1b4e7e2d9b177586621e?s=96&d=mm&r=g\",\"caption\":\"Sean Witzke\"},\"sameAs\":[\"http:\/\/brothercreativeagency.com\"],\"url\":\"https:\/\/sfcsstl.org\/es\/author\/seanbrothercreativeagency-com\/\"}]}<\/script>\n<!-- \/ Yoast SEO plugin. -->","yoast_head_json":{"title":"La historia de un alumno de segundo grado - St. Francis Community Services","robots":{"index":"index","follow":"follow","max-snippet":"max-snippet:-1","max-image-preview":"max-image-preview:large","max-video-preview":"max-video-preview:-1"},"canonical":"https:\/\/sfcsstl.org\/es\/la-historia-de-un-alumno-de-segundo-grado\/","og_locale":"es_ES","og_type":"article","og_title":"La historia de un alumno de segundo grado - St. Francis Community Services","og_description":"Aqu\u00ed est\u00e1 nuestro segundo bolet\u00edn: \u00a1la historia de un maravilloso alumno de 2.\u00ba grado que puede ense\u00f1arnos algo a todos! Para unirse a nuestro bolet\u00edn mensual: \u00a1Por favor, rellene esto! Registrarme &nbsp;","og_url":"https:\/\/sfcsstl.org\/es\/la-historia-de-un-alumno-de-segundo-grado\/","og_site_name":"St. Francis Community Services","article_published_time":"2024-05-02T17:42:28+00:00","og_image":[{"url":"https:\/\/sfcsstl.org\/wp-content\/uploads\/2024\/05\/5.2024-212x300.png","type":"","width":"","height":""}],"author":"Sean Witzke","twitter_card":"summary_large_image","twitter_misc":{"Written by":"Sean Witzke"},"schema":{"@context":"https:\/\/schema.org","@graph":[{"@type":"WebPage","@id":"https:\/\/sfcsstl.org\/es\/la-historia-de-un-alumno-de-segundo-grado\/","url":"https:\/\/sfcsstl.org\/es\/la-historia-de-un-alumno-de-segundo-grado\/","name":"La historia de un alumno de segundo grado - St. Francis Community Services","isPartOf":{"@id":"https:\/\/sfcsstl.org\/es\/#website"},"primaryImageOfPage":{"@id":"https:\/\/sfcsstl.org\/es\/la-historia-de-un-alumno-de-segundo-grado\/#primaryimage"},"image":{"@id":"https:\/\/sfcsstl.org\/es\/la-historia-de-un-alumno-de-segundo-grado\/#primaryimage"},"thumbnailUrl":"https:\/\/sfcsstl.org\/wp-content\/uploads\/2024\/04\/Newsletter.png","datePublished":"2024-05-02T17:42:28+00:00","dateModified":"2024-05-02T17:42:28+00:00","author":{"@id":"https:\/\/sfcsstl.org\/es\/#\/schema\/person\/a3f7ba21cb4f630df43d70683070ad2b"},"breadcrumb":{"@id":"https:\/\/sfcsstl.org\/es\/la-historia-de-un-alumno-de-segundo-grado\/#breadcrumb"},"inLanguage":"es","potentialAction":[{"@type":"ReadAction","target":["https:\/\/sfcsstl.org\/es\/la-historia-de-un-alumno-de-segundo-grado\/"]}]},{"@type":"ImageObject","inLanguage":"es","@id":"https:\/\/sfcsstl.org\/es\/la-historia-de-un-alumno-de-segundo-grado\/#primaryimage","url":"https:\/\/sfcsstl.org\/wp-content\/uploads\/2024\/04\/Newsletter.png","contentUrl":"https:\/\/sfcsstl.org\/wp-content\/uploads\/2024\/04\/Newsletter.png","width":1200,"height":600},{"@type":"BreadcrumbList","@id":"https:\/\/sfcsstl.org\/es\/la-historia-de-un-alumno-de-segundo-grado\/#breadcrumb","itemListElement":[{"@type":"ListItem","position":1,"name":"Home","item":"https:\/\/sfcsstl.org\/es\/"},{"@type":"ListItem","position":2,"name":"La historia de un alumno de segundo grado"}]},{"@type":"WebSite","@id":"https:\/\/sfcsstl.org\/es\/#website","url":"https:\/\/sfcsstl.org\/es\/","name":"St. Francis Community Services","description":"Achieving A Better Tomorrow","potentialAction":[{"@type":"SearchAction","target":{"@type":"EntryPoint","urlTemplate":"https:\/\/sfcsstl.org\/es\/?s={search_term_string}"},"query-input":{"@type":"PropertyValueSpecification","valueRequired":true,"valueName":"search_term_string"}}],"inLanguage":"es"},{"@type":"Person","@id":"https:\/\/sfcsstl.org\/es\/#\/schema\/person\/a3f7ba21cb4f630df43d70683070ad2b","name":"Sean Witzke","image":{"@type":"ImageObject","inLanguage":"es","@id":"https:\/\/sfcsstl.org\/es\/#\/schema\/person\/image\/","url":"https:\/\/secure.gravatar.com\/avatar\/7ffa15ad720761b1400b318538dfb3ea23480b4ca62d1b4e7e2d9b177586621e?s=96&d=mm&r=g","contentUrl":"https:\/\/secure.gravatar.com\/avatar\/7ffa15ad720761b1400b318538dfb3ea23480b4ca62d1b4e7e2d9b177586621e?s=96&d=mm&r=g","caption":"Sean Witzke"},"sameAs":["http:\/\/brothercreativeagency.com"],"url":"https:\/\/sfcsstl.org\/es\/author\/seanbrothercreativeagency-com\/"}]}},"_links":{"self":[{"href":"https:\/\/sfcsstl.org\/es\/wp-json\/wp\/v2\/posts\/268679","targetHints":{"allow":["GET"]}}],"collection":[{"href":"https:\/\/sfcsstl.org\/es\/wp-json\/wp\/v2\/posts"}],"about":[{"href":"https:\/\/sfcsstl.org\/es\/wp-json\/wp\/v2\/types\/post"}],"author":[{"embeddable":true,"href":"https:\/\/sfcsstl.org\/es\/wp-json\/wp\/v2\/users\/15"}],"replies":[{"embeddable":true,"href":"https:\/\/sfcsstl.org\/es\/wp-json\/wp\/v2\/comments?post=268679"}],"version-history":[{"count":0,"href":"https:\/\/sfcsstl.org\/es\/wp-json\/wp\/v2\/posts\/268679\/revisions"}],"wp:featuredmedia":[{"embeddable":true,"href":"https:\/\/sfcsstl.org\/es\/wp-json\/wp\/v2\/media\/268624"}],"wp:attachment":[{"href":"https:\/\/sfcsstl.org\/es\/wp-json\/wp\/v2\/media?parent=268679"}],"wp:term":[{"taxonomy":"category","embeddable":true,"href":"https:\/\/sfcsstl.org\/es\/wp-json\/wp\/v2\/categories?post=268679"},{"taxonomy":"post_tag","embeddable":true,"href":"https:\/\/sfcsstl.org\/es\/wp-json\/wp\/v2\/tags?post=268679"}],"curies":[{"name":"wp","href":"https:\/\/api.w.org\/{rel}","templated":true}]}}